{"id":2545,"date":"2011-10-05T10:32:08","date_gmt":"2011-10-05T09:32:08","guid":{"rendered":"http:\/\/www.lorenzobraghetto.com\/?p=2545"},"modified":"2011-10-05T10:38:20","modified_gmt":"2011-10-05T09:38:20","slug":"ci-riprovano-sempre-nobavaglio","status":"publish","type":"post","link":"https:\/\/www.lorenzobraghetto.com\/index.php\/2011\/10\/05\/ci-riprovano-sempre-nobavaglio\/","title":{"rendered":"Ci riprovano sempre #nobavaglio"},"content":{"rendered":"<p>Momenti concitati per <strong>internet<\/strong> in Italia, in questi giorni \u00e8 in parlamento il <em>DDL intercettazioni<\/em> che, fra le altre cose, contiene il comma 29, l&#8217;ammazzablog.<\/p>\n<p><a href=\"http:\/\/www.valigiablu.it\/storyemedia\/valigiablu\/gallery\/NO%20LEGGE%20BAVAGLIO%20ALLA%20RETE_2vers.jpg\"><img loading=\"lazy\" decoding=\"async\" class=\"alignright\" title=\"#nobavaglio\" src=\"http:\/\/www.valigiablu.it\/storyemedia\/valigiablu\/gallery\/NO%20LEGGE%20BAVAGLIO%20ALLA%20RETE_2vers.jpg\" alt=\"\" width=\"130\" height=\"90\" \/><\/a><\/p>\n<p>Un tempo, <em>quando bloggavo pi\u00f9 seriamente<\/em>, avevo segnalato spesso notizie del genere, <a href=\"http:\/\/www.lorenzobraghetto.com\/index.php\/2007\/10\/19\/perche-nessuno-la-fuori-ci-capisce\/\">qui<\/a>, <a href=\"http:\/\/www.lorenzobraghetto.com\/index.php\/2007\/11\/06\/eccone-unaltra\/\">qui<\/a>, <a href=\"http:\/\/www.lorenzobraghetto.com\/index.php\/2007\/12\/08\/italia-20-milioni-di-e-a-4-sfaticati\/\">qui<\/a>, <a href=\"http:\/\/www.lorenzobraghetto.com\/index.php\/2008\/03\/03\/zzzzzzzzzzzzzzzzzzzzzzzzzzzzzzzzzzzz\/\">qui<\/a>, <a href=\"http:\/\/www.lorenzobraghetto.com\/index.php\/2009\/03\/09\/e-nel-buio-incatenarli\/\">qui<\/a>, <a href=\"http:\/\/www.lorenzobraghetto.com\/index.php\/2009\/04\/29\/emendamento-dalia-abrogato\/\">qui<\/a>, <a href=\"http:\/\/www.lorenzobraghetto.com\/index.php\/2009\/06\/13\/continuano-a-provarci\/\">qui<\/a>, <a href=\"http:\/\/www.lorenzobraghetto.com\/index.php\/2010\/01\/24\/decreto-romani-ed-equo-compenso\/\">qui<\/a>, <a href=\"http:\/\/www.lorenzobraghetto.com\/index.php\/2010\/05\/09\/n-esimo-comma-vs-internet\/\">quo<\/a>, <a href=\"http:\/\/www.lorenzobraghetto.com\/index.php\/2010\/06\/19\/tiziano-motti-e-lanonimato-in-rete\/\">qua<\/a>.<\/p>\n<p>Purtroppo c&#8217;\u00e8 da prendere atto che le cose <strong>non<\/strong> sono <strong>cambiate<\/strong>, la politica non capisce internet. Che sia una questione generazionale italiana o che riguarda solo i politici non lo so, certo \u00e8 che sono solo i politici che, pur non capendoci niente, si ostinano a voler regolamentare internet. \u00a0Un esempio \u00e8\u00a0<a href=\"http:\/\/www.youtube.com\/watch?v=USeI65wP_Gk  \">questo<\/a>\u00a0video non troppo recente\u00a0spassosissimo:<\/p>\n<p>Al dil\u00e0 delle apparenze per\u00f2, perch\u00e8 vogliono regolamentare internet? Perch\u00e8 <strong>internet fa paura<\/strong>, fa paura perch\u00e8 i cittadini fanno paura.<\/p>\n<p>Teoricamente \u00e8 un <strong>bene<\/strong> che i politici abbiano paura dei cittadini, ma dovrebbero averne paura nel momento delle elezioni. Questo non avviene grazie all&#8217;attuale legge elettorale che ci ha regalato un parlamento di <strong>nominati,<\/strong> non di eletti. La paura in questo caso invece \u00e8 la paura che il cittadino possa <strong>informarsi<\/strong> e reagire.<\/p>\n<p>L&#8217;unica cosa che possiamo fare \u00e8 lottare e <strong>resistere<\/strong>, sperando nel cambio dell&#8217;attuale classe politica. Esattamente come ha fatto <a href=\"http:\/\/it.wikipedia.org\/wiki\/Wikipedia:Comunicato_4_ottobre_2011\">Wikipedia<\/a>.<\/p>\n<p>Riporto il post a &#8220;Rete unificata&#8221; di <a href=\"http:\/\/www.valigiablu.it\/doc\/540\/comma-ammazza-blog-un-post-a-rete-unificata.htm\">valigiablu.it<\/a>.<\/p>\n<blockquote><p><strong>Cosa prevede il comma 29 del ddl di riforma delle intercettazioni, sinteticamente definito comma ammazzablog?<\/strong><\/p>\n<div>Il comma 29 estende l\u2019istituto della rettifica, previsto dalla legge sulla stampa, a tutti i \u201csiti informatici, ivi compresi i giornali quotidiani e periodici diffusi per via telematica\u201d, e quindi potenzialmente a tutta la rete, fermo restando la necessit\u00e0 di chiarire meglio cosa si deve intendere per \u201csito\u201d in sede di attuazione.<\/div>\n<div><strong><br \/>\n<\/strong><\/div>\n<div><strong>Cosa \u00e8 la rettifica?\u00a0<\/strong><\/div>\n<div>La rettifica \u00e8 un istituto previsto per i giornali e le televisione, introdotto al fine di difendere i cittadini dallo strapotere di questi media e bilanciare le posizioni in gioco, in quanto nell\u2019ipotesi di pubblicazione di immagini o di notizie in qualche modo ritenute dai cittadini lesive della loro dignit\u00e0 o contrarie a verit\u00e0, questi potrebbero avere non poche difficolt\u00e0 nell\u2019ottenere la \u201ccorrezione\u201d di quelle notizie. La rettifica, quindi, obbliga i responsabili dei giornali a pubblicare gratuitamente le correzioni dei soggetti che si ritengono lesi.<\/div>\n<div><strong>Quali sono i termini per la pubblicazione della rettifica, e quali le conseguenze in caso di non pubblicazione?\u00a0<\/strong><\/div>\n<div>La norma prevede che la rettifica vada pubblicata entro due giorni dalla richiesta (non dalla ricezione), e la richiesta pu\u00f2 essere inviata con qualsiasi mezzo, anche una semplice mail. La pubblicazione deve avvenire con \u201cle stesse caratteristiche grafiche, la stessa metodologia di accesso al sito e la stessa visibilit\u00e0 della notizia cui si riferiscono\u201d, ma ad essa non possono essere aggiunti commenti. Nel caso di mancata pubblicazione nei termini scatta una sanzione fino a 12.500 euro. Il gestore del sito non pu\u00f2 giustificare la mancata pubblicazione sostenendo di essere stato in vacanza o lontano dal blog per pi\u00f9 di due giorni, non sono infatti previste esimenti per la mancata pubblicazione, al massimo si potr\u00e0 impugnare la multa dinanzi ad un giudice dovendo per\u00f2 dimostrare la sussistenza di una situazione sopravvenuta non imputabile al gestore del sito.<\/div>\n<div><strong>Se io scrivo sul mio blog \u201cTizio \u00e8 un ladro\u201d, sono soggetto a rettifica anche se ho documentato il fatto, ad esempio con una sentenza di condanna per furto?\u00a0<\/strong><\/div>\n<div>La rettifica prevista per i siti informatici \u00e8 quella della legge sulla stampa, per la quale sono soggetti a rettifica tutte le informazioni, atti, pensieri ed affermazioni ritenute dai soggetti citati nella notizia \u201clesivi della loro dignit\u00e0 o contrari a verit\u00e0\u201d. Ci\u00f2 vuol dire che il giudizio sulla assoggettabilit\u00e0 delle informazioni alla rettifica \u00e8 esclusivamente demandato alla persona citata nella notizia, \u00e8 quindi un criterio puramente soggettivo, ed \u00e8 del tutto indifferente alla veridicit\u00e0 o meno della notizia pubblicata.<\/div>\n<div><strong><br \/>\n<\/strong><\/div>\n<div><strong>Posso chiedere la rettifica per notizie pubblicate da un sito che ritengo palesemente false?\u00a0<\/strong><\/div>\n<div>E\u2019 possibile chiedere la rettifica solo per le notizie riguardanti la propria persona, non per fatti riguardanti altri.<\/div>\n<div><strong><br \/>\n<\/strong><\/div>\n<div><strong>Chi \u00e8 il soggetto obbligato a pubblicare la rettifica?<\/strong><\/div>\n<div>La rettifica nasce in relazione alla stampa o ai telegiornali, per i quali esiste sempre un direttore responsabile. Per i siti informatici non esiste una figura canonizzata di responsabile, per cui allo stato non \u00e8 dato sapere chi sar\u00e0 il soggetto obbligato alla rettifica. Si pu\u00f2 ipotizzare che l\u2019obbligo sia a carico del gestore del blog, o pi\u00f9 probabilmente che debba stabilirsi caso per caso.<\/div>\n<div><strong>Sono soggetti a rettifica anche i commenti?<\/strong><\/div>\n<div>Un commento non \u00e8 tecnicamente un sito informatico, inoltre il commento \u00e8 opera di un terzo rispetto all\u2019estensore della notizia, per cui sorgerebbe anche il problema della possibilit\u00e0 di comunicare col commentatore. A meno di non voler assoggettare il gestore del sito ad una responsabilit\u00e0 oggettiva relativamente a scritti altrui, probabilmente il commento (e contenuti similari) non dovrebbe essere soggetto a rettifica.<\/div>\n<\/blockquote>\n","protected":false},"excerpt":{"rendered":"<p>Momenti concitati per internet in Italia, in questi giorni \u00e8 in parlamento il DDL intercettazioni che, fra le altre cose, contiene il comma 29, l&#8217;ammazzablog. Un tempo, quando bloggavo pi\u00f9 seriamente, avevo segnalato spesso notizie del genere, qui, qui, qui, qui, qui, qui, qui, qui, quo, qua. Purtroppo c&#8217;\u00e8 da prendere atto che le cose [&hellip;]<\/p>\n","protected":false},"author":2,"featured_media":0,"comment_status":"open","ping_status":"open","sticky":false,"template":"","format":"standard","meta":{"footnotes":""},"categories":[9,6,427,12],"tags":[804,732,795,296,733],"class_list":["post-2545","post","type-post","status-publish","format-standard","hentry","category-etica","category-internet","category-politica-real","category-real","tag-blog","tag-ddl-intercettazioni","tag-internet","tag-italia","tag-valigiablu"],"_links":{"self":[{"href":"https:\/\/www.lorenzobraghetto.com\/index.php\/wp-json\/wp\/v2\/posts\/2545","targetHints":{"allow":["GET"]}}],"collection":[{"href":"https:\/\/www.lorenzobraghetto.com\/index.php\/wp-json\/wp\/v2\/posts"}],"about":[{"href":"https:\/\/www.lorenzobraghetto.com\/index.php\/wp-json\/wp\/v2\/types\/post"}],"author":[{"embeddable":true,"href":"https:\/\/www.lorenzobraghetto.com\/index.php\/wp-json\/wp\/v2\/users\/2"}],"replies":[{"embeddable":true,"href":"https:\/\/www.lorenzobraghetto.com\/index.php\/wp-json\/wp\/v2\/comments?post=2545"}],"version-history":[{"count":6,"href":"https:\/\/www.lorenzobraghetto.com\/index.php\/wp-json\/wp\/v2\/posts\/2545\/revisions"}],"predecessor-version":[{"id":2551,"href":"https:\/\/www.lorenzobraghetto.com\/index.php\/wp-json\/wp\/v2\/posts\/2545\/revisions\/2551"}],"wp:attachment":[{"href":"https:\/\/www.lorenzobraghetto.com\/index.php\/wp-json\/wp\/v2\/media?parent=2545"}],"wp:term":[{"taxonomy":"category","embeddable":true,"href":"https:\/\/www.lorenzobraghetto.com\/index.php\/wp-json\/wp\/v2\/categories?post=2545"},{"taxonomy":"post_tag","embeddable":true,"href":"https:\/\/www.lorenzobraghetto.com\/index.php\/wp-json\/wp\/v2\/tags?post=2545"}],"curies":[{"name":"wp","href":"https:\/\/api.w.org\/{rel}","templated":true}]}}